{"id":1367,"date":"2024-09-29T10:53:50","date_gmt":"2024-09-29T07:53:50","guid":{"rendered":"https:\/\/tesy.fi\/?p=1367"},"modified":"2024-09-29T10:56:34","modified_gmt":"2024-09-29T07:56:34","slug":"kutsu-turun-elainsuojeluyhdistyksen-saantomaaraiseen-syyskokoukseen","status":"publish","type":"post","link":"https:\/\/tesy.fi\/?p=1367","title":{"rendered":"Kutsu Turun El\u00e4insuojeluyhdistyksen s\u00e4\u00e4nt\u00f6m\u00e4\u00e4r\u00e4iseen Syyskokoukseen"},"content":{"rendered":"\n<p>Turun El\u00e4insuojeluyhdistys &#8211; \u00c5bo Djurskyddsf\u00f6rening ry<br>SYYSKOKOUS<br>Tiistaina 15.10. klo 18.30<br>Panimoravintola Koulu<br>Eerikinkatu 18, 20100 Turku<br><\/p>\n\n\n\n<p>Esill\u00e4 s\u00e4\u00e4nt\u00f6m\u00e4\u00e4r\u00e4iset syyskokousasiat.<br>Ty\u00f6j\u00e4rjestys<\/p>\n\n\n\n<ol class=\"wp-block-list\">\n<li>Kokouksen avaus<\/li>\n\n\n\n<li>Valitaan puheenjohtaja, sihteeri, kaksi p\u00f6yt\u00e4kirjan tarkastajaa ja kaksi \u00e4\u00e4ntenlaskijaa<\/li>\n\n\n\n<li>Todetaan kokouksen laillisuus ja p\u00e4\u00e4t\u00f6svaltaisuus<\/li>\n\n\n\n<li>Hyv\u00e4ksyt\u00e4\u00e4n kokouksen esityslista<\/li>\n\n\n\n<li>Esitet\u00e4\u00e4n ja vahvistetaan toimintasuunnitelma, tulo-ja menoarvio sek\u00e4 liittymis- ja j\u00e4senmaksujen<br>suuruus seuraavalle toimintakaudelle<\/li>\n\n\n\n<li>Valitaan kolme j\u00e4sent\u00e4 johtokuntaan erovuoroisten tilalle.<\/li>\n\n\n\n<li>Valitaan yksi tai kaksi tilintarkastajaa\/toiminnantarkastajaa ja heille varatilintarkastajat \/<br>toiminnantarkastajat<\/li>\n\n\n\n<li>Kokouksen p\u00e4\u00e4tt\u00e4minen<br>Kokouksen j\u00e4lkeen vapaata keskustelua ajankohtaisista el\u00e4insuojeluteemoista.<\/li>\n<\/ol>\n\n\n\n<p>Ilmoittauduthan kokoukseen tarjoilun ja tilaj\u00e4rjestelyiden vuoksi viimeist\u00e4\u00e4n 8.10 menness\u00e4<br>osoitteeseen toiminnanjohtaja@tesy.fi   <br><\/p>\n\n\n\n<p>Tervetuloa!<br>Syysterveisin TESYn johtokunta<\/p>\n","protected":false},"excerpt":{"rendered":"<p>Turun El\u00e4insuojeluyhdistys &#8211; \u00c5bo Djurskyddsf\u00f6rening rySYYSKOKOUSTiistaina 15.10. klo 18.30Panimoravintola KouluEerikinkatu 18, 20100 Turku Esill\u00e4 s\u00e4\u00e4nt\u00f6m\u00e4\u00e4r\u00e4iset syyskokousasiat.Ty\u00f6j\u00e4rjestys Ilmoittauduthan kokoukseen tarjoilun ja tilaj\u00e4rjestelyiden vuoksi viimeist\u00e4\u00e4n 8.10 menness\u00e4osoitteeseen toiminnanjohtaja@tesy.fi Tervetuloa!Syysterveisin TESYn johtokunta<\/p>\n","protected":false},"author":3,"featured_media":1370,"comment_status":"closed","ping_status":"open","sticky":false,"template":"","format":"standard","meta":{"_et_pb_use_builder":"off","_et_pb_old_content":"","_et_gb_content_width":"","footnotes":""},"categories":[14],"tags":[],"class_list":["post-1367","post","type-post","status-publish","format-standard","has-post-thumbnail","hentry","category-uutiset"],"_links":{"self":[{"href":"https:\/\/tesy.fi\/index.php?rest_route=\/wp\/v2\/posts\/1367","targetHints":{"allow":["GET"]}}],"collection":[{"href":"https:\/\/tesy.fi\/index.php?rest_route=\/wp\/v2\/posts"}],"about":[{"href":"https:\/\/tesy.fi\/index.php?rest_route=\/wp\/v2\/types\/post"}],"author":[{"embeddable":true,"href":"https:\/\/tesy.fi\/index.php?rest_route=\/wp\/v2\/users\/3"}],"replies":[{"embeddable":true,"href":"https:\/\/tesy.fi\/index.php?rest_route=%2Fwp%2Fv2%2Fcomments&post=1367"}],"version-history":[{"count":1,"href":"https:\/\/tesy.fi\/index.php?rest_route=\/wp\/v2\/posts\/1367\/revisions"}],"predecessor-version":[{"id":1369,"href":"https:\/\/tesy.fi\/index.php?rest_route=\/wp\/v2\/posts\/1367\/revisions\/1369"}],"wp:featuredmedia":[{"embeddable":true,"href":"https:\/\/tesy.fi\/index.php?rest_route=\/wp\/v2\/media\/1370"}],"wp:attachment":[{"href":"https:\/\/tesy.fi\/index.php?rest_route=%2Fwp%2Fv2%2Fmedia&parent=1367"}],"wp:term":[{"taxonomy":"category","embeddable":true,"href":"https:\/\/tesy.fi\/index.php?rest_route=%2Fwp%2Fv2%2Fcategories&post=1367"},{"taxonomy":"post_tag","embeddable":true,"href":"https:\/\/tesy.fi\/index.php?rest_route=%2Fwp%2Fv2%2Ftags&post=1367"}],"curies":[{"name":"wp","href":"https:\/\/api.w.org\/{rel}","templated":true}]}}